{"id":20528,"date":"2020-11-21T19:14:47","date_gmt":"2020-11-21T18:14:47","guid":{"rendered":"https:\/\/support.protonet.info\/de\/forum\/maya-hw-defekt\/"},"modified":"2020-11-21T19:14:47","modified_gmt":"2020-11-21T18:14:47","slug":"maya-hw-defekt","status":"publish","type":"post","link":"https:\/\/support.protonet.info\/de\/forum\/maya-hw-defekt\/","title":{"rendered":"Maya HW defekt!?"},"content":{"rendered":"<div class=\"wysiwyg\"><p>Wie schon in einem anderen Post erw\u00e4hnt ist die HW einer meinen beiden Mayas defekt. Noch konnte ich nicht feststellen, ob es das Motherboard oder der &#8218;Ein\/Aus-Schalter&#8216; ist.<br \/>\nEin angeschlossener Monitor bleibt schwarz, keine Regung. Die Kontroll-LEDs einer angeschlossenen USB-Tastatur bleiben schwarz.<br \/>\nDas Netzteil ist okay, exakt die 19V gemessen; allerdings nicht unter Last.<br \/>\nDie SSD ist noch i.O. (ausgebaut und an anderem PC angeschlossen); Daten allerdings nicht lesbar, da testweise nur an einen Mac angeschlossen.<br \/>\nDie Kontrolleuchten am Lan-Anschluss bleiben dunkel; das \u00fcbliche gr\u00fcne Blinken fehlt.<br \/>\nDie Kontrollleuchte des Ein\/Aus-Schalters zeigt bei Einschalten sofort (nur) gr\u00fcn. Ein nochmaliges Bet\u00e4tigen des Knopfes bewirkt nichts, die Kontrolleuchte bleibt gr\u00fcn. Netzstecker ziehen, wieder anschlie\u00dfen: Mit Bet\u00e4tigen der Einschalttaste leuchtet sie wieder gr\u00fcn; das war&#8217;s dann aber auch.<br \/>\nDeshalb vermute ich, dass es der &#8218;Ein\/Aus-Schalter&#8216; ist, der defekt ist.<br \/>\nHat jemand einen Tip?<br \/>\nFalls es der Ein\/Ausschalter ist, kann man den noch von Protonet als Ersatzteil bekommen?<\/p>\n<\/div>","protected":false},"excerpt":{"rendered":"Wie schon in einem anderen Post erw\u00e4hnt ist die HW einer meinen beiden Mayas defekt. Noch konnte ich nicht feststellen, ob es das Motherboard oder der &#8218;Ein\/Aus-Schalter&#8216; ist. Ein angeschlossener Monitor bleibt schwarz, keine Regung. Die Kontroll-LEDs einer angeschlossenen USB-Tastatur bleiben schwarz. Das Netzteil ist okay, exakt die 19V gemessen; allerdings nicht unter Last. Die [&hellip;]","protected":false},"author":464,"featured_media":0,"comment_status":"open","ping_status":"closed","sticky":false,"template":"","format":"standard","meta":{"footnotes":""},"categories":[1],"tags":[],"_links":{"self":[{"href":"https:\/\/support.protonet.info\/de\/wp-json\/wp\/v2\/posts\/20528"}],"collection":[{"href":"https:\/\/support.protonet.info\/de\/wp-json\/wp\/v2\/posts"}],"about":[{"href":"https:\/\/support.protonet.info\/de\/wp-json\/wp\/v2\/types\/post"}],"author":[{"embeddable":true,"href":"https:\/\/support.protonet.info\/de\/wp-json\/wp\/v2\/users\/464"}],"replies":[{"embeddable":true,"href":"https:\/\/support.protonet.info\/de\/wp-json\/wp\/v2\/comments?post=20528"}],"version-history":[{"count":0,"href":"https:\/\/support.protonet.info\/de\/wp-json\/wp\/v2\/posts\/20528\/revisions"}],"wp:attachment":[{"href":"https:\/\/support.protonet.info\/de\/wp-json\/wp\/v2\/media?parent=20528"}],"wp:term":[{"taxonomy":"category","embeddable":true,"href":"https:\/\/support.protonet.info\/de\/wp-json\/wp\/v2\/categories?post=20528"},{"taxonomy":"post_tag","embeddable":true,"href":"https:\/\/support.protonet.info\/de\/wp-json\/wp\/v2\/tags?post=20528"}],"curies":[{"name":"wp","href":"https:\/\/api.w.org\/{rel}","templated":true}]}}